{"dados":[{"ementa":"\u201cDisp\u00f5e sobre a concess\u00e3o de Ponto Facultativo no dia 02 de abril de 2.026 no \u00e2mbito do Munic\u00edpio de Paulo de Faria (SP), e d\u00e1 outras provid\u00eancias\u201d.","dataAtualizacao":"2026-03-26 11:12:16","dataInicioVigencia":null,"dataFimVigencia":null,"data":"2026-03-18","numero":2397,"categoria":"Decretos","situacao":"Em vigor","descricao":""},{"ementa":"\u201cDisciplina a aplica\u00e7\u00e3o, em parte, das disposi\u00e7\u00f5es da Lei Complementar n\u00ba 226\/2026, que disciplinaram novas regras sobre os per\u00edodos de suspens\u00e3o da contagem de tempo para verbas remunerat\u00f3rias em fun\u00e7\u00e3o do Programa de Enfrentamento ao Corona Virus (COVID-19) e d\u00e1 outras provid\u00eancias\u201d.\r\n\u00a0","dataAtualizacao":"2026-03-03 08:00:34","dataInicioVigencia":"2026-01-13","dataFimVigencia":null,"data":"2026-02-27","numero":2389,"categoria":"Decretos","situacao":"Em vigor","descricao":""},{"ementa":"&quot;Disp\u00f5e sobre a aprova\u00e7\u00e3o do Regulamento da Elei\u00e7\u00e3o de novos membros representantes de servidores efetivos ativos e inativos para composi\u00e7\u00e3o do CAP Conselho de Administra\u00e7\u00e3o Previdenci\u00e1ria do Instituto de Previd\u00eancia do Munic\u00edpio de Paulo de Faria - PAULO DE FARIAPREVI, e d\u00e1 outras provid\u00eancias\u201d.","dataAtualizacao":"2026-02-24 10:57:54","dataInicioVigencia":"2026-02-23","dataFimVigencia":null,"data":"2026-02-23","numero":2388,"categoria":"Decretos","situacao":"Em vigor","descricao":""},{"ementa":"\u201cDisp\u00f5e sobre a acumula\u00e7\u00e3o remunerada de cargos, empregos e fun\u00e7\u00f5es no \u00e2mbito do Quadro do Magist\u00e9rio P\u00fablico Municipal de Paulo de Faria-SP e d\u00e1 outras provid\u00eancias.\u201d","dataAtualizacao":"2026-01-26 09:49:50","dataInicioVigencia":"2026-01-23","dataFimVigencia":null,"data":"2026-01-22","numero":2382,"categoria":"Decretos","situacao":"Em vigor","descricao":""},{"ementa":"\u201cDisp\u00f5e sobre crit\u00e9rios t\u00e9cnicos de m\u00e9rito e desempenho que informam a escolha, pelo Prefeito Municipal, das pessoas designadas para fun\u00e7\u00e3o de confian\u00e7a e nomeadas em fun\u00e7\u00e3o p\u00fablica gratificada de Diretor das escolas p\u00fablicas da Rede Municipal de Ensino.\u201d","dataAtualizacao":"2026-01-26 09:12:32","dataInicioVigencia":"2026-01-19","dataFimVigencia":null,"data":"2026-01-19","numero":2381,"categoria":"Decretos","situacao":"Em vigor","descricao":""},{"ementa":"\u201cDisp\u00f5e sobre a proibi\u00e7\u00e3o de garrafas de vidro por comerciantes e mun\u00edcipes durante a realiza\u00e7\u00e3o do evento \u2018Carnaval de Paulo de Faria \u2013 2026\u2019 e d\u00e1 outras provid\u00eancias\u201d.","dataAtualizacao":"2026-01-26 08:50:13","dataInicioVigencia":"2026-01-19","dataFimVigencia":"2026-02-18","data":"2026-01-19","numero":2380,"categoria":"Decretos","situacao":"Em vigor","descricao":""},{"ementa":"\u201cDisp\u00f5e sobre a proibi\u00e7\u00e3o do com\u00e9rcio ambulante nas imedia\u00e7\u00f5es da Pra\u00e7a Central e da Igreja Matriz durante o evento \u2018Carnaval de Paulo de Faria \u2013 2026\u2019 e d\u00e1 outras provid\u00eancias.","dataAtualizacao":"2026-01-26 08:45:54","dataInicioVigencia":"2026-01-19","dataFimVigencia":"2026-02-18","data":"2026-01-19","numero":2379,"categoria":"Decretos","situacao":"Em vigor","descricao":""},{"ementa":"\u201cInstitui a Computa\u00e7\u00e3o como complemento \u00e0 Base Nacional Comum Curricular (BNCC) no curr\u00edculo da Educa\u00e7\u00e3o B\u00e1sica do munic\u00edpio de Paulo de Faria-SP, em conformidade com a Pol\u00edtica Nacional de Educa\u00e7\u00e3o Digital, d\u00e1 outras provid\u00eancias\u201d.","dataAtualizacao":"2026-01-26 08:40:50","dataInicioVigencia":"2026-01-19","dataFimVigencia":null,"data":"2026-01-14","numero":2378,"categoria":"Decretos","situacao":"Em vigor","descricao":""},{"ementa":"\u201cDeclara O CALEND\u00c1RIO ANUAL de dias \u00fateis das Reparti\u00e7\u00f5es P\u00fablicas Municipais, Municipalizadas e na Autarquia Previdenci\u00e1ria do Munic\u00edpio de Paulo de Faria (SP), referente ao exerc\u00edcio de 2.026, e d\u00e1 outras provid\u00eancias\u201d.","dataAtualizacao":"2026-01-09 10:03:03","dataInicioVigencia":"2026-01-09","dataFimVigencia":"2026-12-31","data":"2026-01-08","numero":2377,"categoria":"Decretos","situacao":"Em vigor","descricao":""},{"ementa":"\u201cRegulamenta as formas de provimento no cargo p\u00fablico e a avalia\u00e7\u00e3o psicol\u00f3gica em certames p\u00fablico\u201d.","dataAtualizacao":"2026-01-09 09:53:27","dataInicioVigencia":"2026-01-09","dataFimVigencia":null,"data":"2026-01-07","numero":2376,"categoria":"Decretos","situacao":"Em vigor","descricao":""},{"ementa":"&quot;Disp\u00f5e sobre a atualiza\u00e7\u00e3o monet\u00e1ria do valor da Unidade Fiscal do Munic\u00edpio - UFM de Paulo de Faria (SP), e o pagamento do IPTU (Imposto Predial Territorial Urbano) e Taxa de Renova\u00e7\u00e3o de Licen\u00e7a para o Exerc\u00edcio de 2.026, e d\u00e1 outras provid\u00eancias&quot;.","dataAtualizacao":"2026-01-07 09:16:39","dataInicioVigencia":"2026-01-01","dataFimVigencia":null,"data":"2025-12-24","numero":2373,"categoria":"Decretos","situacao":"Em vigor","descricao":""},{"ementa":"&quot;Disp\u00f5e sobre a suspens\u00e3o excepcional do atendimento ao p\u00fablico no \u00e2mbito da administra\u00e7\u00e3o p\u00fablica municipal de Paulo de Faria nos dias 29 e 30 de dezembro de 2025, e d\u00e1 outras provid\u00eancias&quot;.","dataAtualizacao":"2026-01-07 09:42:38","dataInicioVigencia":"2025-12-24","dataFimVigencia":"2025-12-31","data":"2025-12-24","numero":2372,"categoria":"Decretos","situacao":"Em vigor","descricao":""},{"ementa":"&quot;Disp\u00f5e sobre a atualiza\u00e7\u00e3o monet\u00e1ria do valor da Unidade Fiscal do Munic\u00edpio - UFM de Paulo de Faria (SP), e o pagamento do IPTU (Imposto Predial Territorial Urbano) e Taxa de Renova\u00e7\u00e3o de Licen\u00e7a para o Exerc\u00edcio de 2.025, e d\u00e1 outras provid\u00eancias&quot;.","dataAtualizacao":"2026-03-25 14:51:35","dataInicioVigencia":"2024-12-30","dataFimVigencia":null,"data":"2024-12-30","numero":2293,"categoria":"Decretos","situacao":"Em vigor","descricao":""}]}